{"id":921,"date":"2023-08-16T15:27:18","date_gmt":"2023-08-16T13:27:18","guid":{"rendered":"https:\/\/careandpeer.ch\/2023\/08\/16\/schuld-und-scham\/"},"modified":"2025-06-30T16:38:09","modified_gmt":"2025-06-30T14:38:09","slug":"schuld-und-scham","status":"publish","type":"post","link":"https:\/\/careandpeer.ch\/fr\/2023\/08\/16\/schuld-und-scham\/","title":{"rendered":"Sentiment de culpabilit\u00e9 et de honte"},"content":{"rendered":"\n<style type=\"text\/css\" data-created_by=\"avia_inline_auto\" id=\"style-css-av-cmsxx-7b71d254d662b669bfc5e405bcaff9c6\">\n.avia-section.av-cmsxx-7b71d254d662b669bfc5e405bcaff9c6{\nbackground-color:#eae7e4;\nbackground-image:unset;\n}\n<\/style>\n<div id='av_section_1'  class='avia-section av-cmsxx-7b71d254d662b669bfc5e405bcaff9c6 main_color avia-section-small avia-no-border-styling  avia-builder-el-0  el_before_av_section  avia-builder-el-first  avia-bg-style-scroll container_wrap fullsize'  ><div class='container av-section-cont-open' ><main  role=\"main\" itemprop=\"mainContentOfPage\"  class='template-page content  av-content-full alpha units'><div class='post-entry post-entry-type-page post-entry-921'><div class='entry-content-wrapper clearfix'>\n\n<style type=\"text\/css\" data-created_by=\"avia_inline_auto\" id=\"style-css-av-3e00wt-d112177bece816b55a14b40652a7406b\">\n#top .flex_column.av-3e00wt-d112177bece816b55a14b40652a7406b{\nmargin-top:0px;\nmargin-bottom:0px;\n}\n.responsive #top #wrap_all .flex_column.av-3e00wt-d112177bece816b55a14b40652a7406b{\nmargin-top:0px;\nmargin-bottom:0px;\n}\n<\/style>\n<div class='flex_column av-3e00wt-d112177bece816b55a14b40652a7406b av_one_full  avia-builder-el-1  avia-builder-el-no-sibling  first flex_column_div '     ><p>\n<style type=\"text\/css\" data-created_by=\"avia_inline_auto\" id=\"style-css-av-39z2jp-bbd1373bf81a7c95fe6ecdfcc444dba9\">\n#top .hr.hr-invisible.av-39z2jp-bbd1373bf81a7c95fe6ecdfcc444dba9{\nheight:40px;\n}\n<\/style>\n<div  class='hr av-39z2jp-bbd1373bf81a7c95fe6ecdfcc444dba9 hr-invisible  avia-builder-el-2  el_before_av_textblock  avia-builder-el-first '><span class='hr-inner '><span class=\"hr-inner-style\"><\/span><\/span><\/div><br \/>\n\n<style type=\"text\/css\" data-created_by=\"avia_inline_auto\" id=\"style-css-av-313spx-94d4b745db9c63d6e7ab04cacd5b9454\">\n#top .av_textblock_section.av-313spx-94d4b745db9c63d6e7ab04cacd5b9454 .avia_textblock{\ncolor:#2b6d81;\n}\n<\/style>\n<section  class='av_textblock_section av-313spx-94d4b745db9c63d6e7ab04cacd5b9454'  itemscope=\"itemscope\" itemtype=\"https:\/\/schema.org\/BlogPosting\" itemprop=\"blogPost\" ><div class='avia_textblock av_inherit_color'  itemprop=\"text\" ><h1>Sentiment de culpabilit\u00e9 et de honte<\/h1>\n<\/div><\/section><br \/>\n\n<style type=\"text\/css\" data-created_by=\"avia_inline_auto\" id=\"style-css-av-ap2wt-5d3a7337239ba01b1a8c6fce39edb097\">\n#top .av_textblock_section.av-ap2wt-5d3a7337239ba01b1a8c6fce39edb097 .avia_textblock{\ncolor:#2b6d81;\n}\n<\/style>\n<section  class='av_textblock_section av-ap2wt-5d3a7337239ba01b1a8c6fce39edb097'  itemscope=\"itemscope\" itemtype=\"https:\/\/schema.org\/BlogPosting\" itemprop=\"blogPost\" ><div class='avia_textblock av_inherit_color'  itemprop=\"text\" ><p><strong>Groupe cibl\u00e9\u00a0:<\/strong> caregivers et peers ayant d\u00e9j\u00e0 suivi l\u2019initiation (modules de base CPP 1 + 2 \/ autre formation de base \u00e0 v\u00e9rifier)<br \/>\n<strong>Lieu\u00a0:<\/strong> EAZS, Kilchermatt 2, 3150 Schwarzenburg<br \/>\n<strong>Dur\u00e9e\u00a0:<\/strong> 2 journ\u00e9es (1er\u00a0jour : 09.00 &#8211; 17.30 h I 2e\u00a0jour\u00a0: 8.00 &#8211; 15.30 h)<br \/>\n<strong>Co\u00fbts\u00a0:<\/strong> CHF 780 I CHF 930 (h\u00e9bergement et repas compris)<\/p>\n<\/div><\/section><\/p><\/div>\n\n<\/div><\/div><\/main><!-- close content main element --><\/div><\/div>\n<style type=\"text\/css\" data-created_by=\"avia_inline_auto\" id=\"style-css-av-2r5y05-f028e7ab47eb07c0c97cf8165d1521bf\">\n.avia-section.av-2r5y05-f028e7ab47eb07c0c97cf8165d1521bf{\nbackground-color:#eae7e4;\nbackground-image:unset;\n}\n<\/style>\n<div id='av_section_2'  class='avia-section av-2r5y05-f028e7ab47eb07c0c97cf8165d1521bf main_color avia-section-no-padding avia-no-border-styling  avia-builder-el-5  el_after_av_section  avia-builder-el-last  avia-bg-style-scroll container_wrap fullsize'  ><div class='container av-section-cont-open' ><div class='template-page content  av-content-full alpha units'><div class='post-entry post-entry-type-page post-entry-921'><div class='entry-content-wrapper clearfix'>\n<div class='flex_column av-2j3ewd-653ecfde20e3bb698cbe57ff6a8ff745 av_one_half  avia-builder-el-6  el_before_av_one_half  avia-builder-el-first  first flex_column_div '     ><style type=\"text\/css\" data-created_by=\"avia_inline_auto\" id=\"style-css-av-2erp6t-f8a400055aa32fc2d5b1b13d0dcbb033\">\n#top .av_textblock_section.av-2erp6t-f8a400055aa32fc2d5b1b13d0dcbb033 .avia_textblock{\ncolor:#2b6d81;\n}\n<\/style>\n<section  class='av_textblock_section av-2erp6t-f8a400055aa32fc2d5b1b13d0dcbb033'  itemscope=\"itemscope\" itemtype=\"https:\/\/schema.org\/BlogPosting\" itemprop=\"blogPost\" ><div class='avia_textblock av_inherit_color'  itemprop=\"text\" ><p><strong>Objectifs\u00a0:<\/strong><br \/>\nLes participants<\/p>\n<ul>\n<li>savent reconna\u00eetre les sentiments de culpabilit\u00e9 et de honte, et faire la distinction entre les deux<\/li>\n<li>connaissent la fonction de ces deux sentiments<\/li>\n<li>connaissent des interventions concr\u00e8tes pour g\u00e9rer les sentiments de culpabilit\u00e9 lors d\u2019une aide en situation aigu\u00eb<\/li>\n<li>connaissent des interventions pour g\u00e9rer une culpabilit\u00e9 r\u00e9elle et des erreurs<\/li>\n<\/ul>\n<\/div><\/section><\/div><div class='flex_column av-29qb3h-f337a77df9600329de49ea2f8c5ebd77 av_one_half  avia-builder-el-8  el_after_av_one_half  el_before_av_hr  flex_column_div '     ><style type=\"text\/css\" data-created_by=\"avia_inline_auto\" id=\"style-css-av-7ms8d-9ce0a2afc6b96b9c914c2d46e358f780\">\n#top .av_textblock_section.av-7ms8d-9ce0a2afc6b96b9c914c2d46e358f780 .avia_textblock{\ncolor:#2b6d81;\n}\n<\/style>\n<section  class='av_textblock_section av-7ms8d-9ce0a2afc6b96b9c914c2d46e358f780'  itemscope=\"itemscope\" itemtype=\"https:\/\/schema.org\/BlogPosting\" itemprop=\"blogPost\" ><div class='avia_textblock av_inherit_color'  itemprop=\"text\" ><p style=\"font-weight: 400;\"><strong>Contenus\u00a0: <\/strong><\/p>\n<ul>\n<li>Cause et fonction des sentiments de culpabilit\u00e9 et de honte<\/li>\n<li>Gestion de ces sentiments en situation aigu\u00eb<\/li>\n<li>Gestion d\u2019erreurs et de r\u00e9elle culpabilit\u00e9 en situation aigu\u00eb<\/li>\n<li>Simulations r\u00e9alistes\u00a0: r\u00e9flexion personnelle et feed-back sur la base de crit\u00e8res d\u2019observation<\/li>\n<\/ul>\n<\/div><\/section><\/div>\n<style type=\"text\/css\" data-created_by=\"avia_inline_auto\" id=\"style-css-av-lldi2g0a-a4cdcf2659371df10d6fd9b0e5d946d5\">\n#top .hr.hr-invisible.av-lldi2g0a-a4cdcf2659371df10d6fd9b0e5d946d5{\nheight:10px;\n}\n<\/style>\n<div  class='hr av-lldi2g0a-a4cdcf2659371df10d6fd9b0e5d946d5 hr-invisible  avia-builder-el-10  el_after_av_one_half  el_before_av_buttonrow '><span class='hr-inner '><span class=\"hr-inner-style\"><\/span><\/span><\/div>\n\n<style type=\"text\/css\" data-created_by=\"avia_inline_auto\" id=\"style-css-av-mcj7eqvk-747c346dbf4e7e6a222c22a7b22fc9fa\">\n.avia-buttonrow-wrap.av-mcj7eqvk-747c346dbf4e7e6a222c22a7b22fc9fa .avia-button{\nfont-size:16px;\n}\n<\/style>\n<div  class='avia-buttonrow-wrap av-mcj7eqvk-747c346dbf4e7e6a222c22a7b22fc9fa avia-buttonrow-left  avia-builder-el-11  el_after_av_hr  el_before_av_hr '>\n\n<style type=\"text\/css\" data-created_by=\"avia_inline_auto\" id=\"style-css-av-mcj7eoz5-7050cf0f5462308c4d8a1ea6d8600fcc\">\n#top #wrap_all .avia-button.av-mcj7eoz5-7050cf0f5462308c4d8a1ea6d8600fcc{\nbackground-color:#ce132e;\nborder-color:#ce132e;\ncolor:#ffffff;\n-webkit-transition:all 0.4s ease-in-out;\n-moz-transition:all 0.4s ease-in-out;\n-ms-transition:all 0.4s ease-in-out;\n-o-transition:all 0.4s ease-in-out;\ntransition:all 0.4s ease-in-out;\nmargin-bottom:5px;\nmargin-right:5px;\n}\n#top #wrap_all .avia-button.av-mcj7eoz5-7050cf0f5462308c4d8a1ea6d8600fcc:hover{\ncolor:white;\n-webkit-transition:all 0.4s ease-in-out;\n-moz-transition:all 0.4s ease-in-out;\n-ms-transition:all 0.4s ease-in-out;\n-o-transition:all 0.4s ease-in-out;\ntransition:all 0.4s ease-in-out;\n}\n<\/style>\n<a href='https:\/\/careandpeer.ch\/fr\/sentiment-de-culpabilite-et-de-honte-inscription-juin-26\/'  class='avia-button av-mcj7eoz5-7050cf0f5462308c4d8a1ea6d8600fcc avia-icon_select-yes-left-icon avia-size-large'  ><span class='avia_button_icon avia_button_icon_left ' aria-hidden='true' data-av_icon='\ue836' data-av_iconfont='entypo-fontello'><\/span><span class='avia_iconbox_title' >Inscription: 04.-05.06.2026<\/span><span class='avia_button_background avia-button avia-color-theme-color-highlight' ><\/span><\/a>\n<\/div>\n\n<style type=\"text\/css\" data-created_by=\"avia_inline_auto\" id=\"style-css-av-13e4q5-c3feb80a422950382bece2de9d4188d3\">\n#top .hr.hr-invisible.av-13e4q5-c3feb80a422950382bece2de9d4188d3{\nheight:40px;\n}\n<\/style>\n<div  class='hr av-13e4q5-c3feb80a422950382bece2de9d4188d3 hr-invisible  avia-builder-el-12  el_after_av_buttonrow  avia-builder-el-last '><span class='hr-inner '><span class=\"hr-inner-style\"><\/span><\/span><\/div>\n\n","protected":false},"excerpt":{"rendered":"","protected":false},"author":2,"featured_media":0,"comment_status":"open","ping_status":"open","sticky":false,"template":"","format":"standard","meta":{"footnotes":""},"categories":[3],"tags":[],"class_list":["post-921","post","type-post","status-publish","format-standard","hentry","category-non-classifiee"],"yoast_head":"<!-- This site is optimized with the Yoast SEO plugin v24.7 - https:\/\/yoast.com\/wordpress\/plugins\/seo\/ -->\n<title>Sentiment de culpabilit\u00e9 et de honte - Care and Peer<\/title>\n<meta name=\"robots\" content=\"index, follow, max-snippet:-1, max-image-preview:large, max-video-preview:-1\" \/>\n<link rel=\"canonical\" href=\"https:\/\/careandpeer.ch\/fr\/2023\/08\/16\/schuld-und-scham\/\" \/>\n<meta property=\"og:locale\" content=\"fr_FR\" \/>\n<meta property=\"og:type\" content=\"article\" \/>\n<meta property=\"og:title\" content=\"Sentiment de culpabilit\u00e9 et de honte - Care and Peer\" \/>\n<meta property=\"og:url\" content=\"https:\/\/careandpeer.ch\/fr\/2023\/08\/16\/schuld-und-scham\/\" \/>\n<meta property=\"og:site_name\" content=\"Care and Peer\" \/>\n<meta property=\"article:published_time\" content=\"2023-08-16T13:27:18+00:00\" \/>\n<meta property=\"article:modified_time\" content=\"2025-06-30T14:38:09+00:00\" \/>\n<meta name=\"author\" content=\"laura.eggenberger\" \/>\n<meta name=\"twitter:card\" content=\"summary_large_image\" \/>\n<meta name=\"twitter:label1\" content=\"\u00c9crit par\" \/>\n\t<meta name=\"twitter:data1\" content=\"laura.eggenberger\" \/>\n\t<meta name=\"twitter:label2\" content=\"Dur\u00e9e de lecture estim\u00e9e\" \/>\n\t<meta name=\"twitter:data2\" content=\"1 minute\" \/>\n<script type=\"application\/ld+json\" class=\"yoast-schema-graph\">{\"@context\":\"https:\/\/schema.org\",\"@graph\":[{\"@type\":\"WebPage\",\"@id\":\"https:\/\/careandpeer.ch\/fr\/2023\/08\/16\/schuld-und-scham\/\",\"url\":\"https:\/\/careandpeer.ch\/fr\/2023\/08\/16\/schuld-und-scham\/\",\"name\":\"Sentiment de culpabilit\u00e9 et de honte - Care and Peer\",\"isPartOf\":{\"@id\":\"https:\/\/careandpeer.ch\/#website\"},\"datePublished\":\"2023-08-16T13:27:18+00:00\",\"dateModified\":\"2025-06-30T14:38:09+00:00\",\"author\":{\"@id\":\"https:\/\/careandpeer.ch\/#\/schema\/person\/8f241b05578d5ca5b57f4eac9e251b88\"},\"breadcrumb\":{\"@id\":\"https:\/\/careandpeer.ch\/fr\/2023\/08\/16\/schuld-und-scham\/#breadcrumb\"},\"inLanguage\":\"fr-FR\",\"potentialAction\":[{\"@type\":\"ReadAction\",\"target\":[\"https:\/\/careandpeer.ch\/fr\/2023\/08\/16\/schuld-und-scham\/\"]}]},{\"@type\":\"BreadcrumbList\",\"@id\":\"https:\/\/careandpeer.ch\/fr\/2023\/08\/16\/schuld-und-scham\/#breadcrumb\",\"itemListElement\":[{\"@type\":\"ListItem\",\"position\":1,\"name\":\"Startseite\",\"item\":\"https:\/\/careandpeer.ch\/home\/\"},{\"@type\":\"ListItem\",\"position\":2,\"name\":\"Sentiment de culpabilit\u00e9 et de honte\"}]},{\"@type\":\"WebSite\",\"@id\":\"https:\/\/careandpeer.ch\/#website\",\"url\":\"https:\/\/careandpeer.ch\/\",\"name\":\"Care and Peer\",\"description\":\"Eine weitere WordPress-Website\",\"potentialAction\":[{\"@type\":\"SearchAction\",\"target\":{\"@type\":\"EntryPoint\",\"urlTemplate\":\"https:\/\/careandpeer.ch\/?s={search_term_string}\"},\"query-input\":{\"@type\":\"PropertyValueSpecification\",\"valueRequired\":true,\"valueName\":\"search_term_string\"}}],\"inLanguage\":\"fr-FR\"},{\"@type\":\"Person\",\"@id\":\"https:\/\/careandpeer.ch\/#\/schema\/person\/8f241b05578d5ca5b57f4eac9e251b88\",\"name\":\"laura.eggenberger\",\"image\":{\"@type\":\"ImageObject\",\"inLanguage\":\"fr-FR\",\"@id\":\"https:\/\/careandpeer.ch\/#\/schema\/person\/image\/\",\"url\":\"https:\/\/secure.gravatar.com\/avatar\/1c6ef0de58e8679495a21f20b4a5dca239fb824461f4503b287adb3adb914ee6?s=96&d=mm&r=g\",\"contentUrl\":\"https:\/\/secure.gravatar.com\/avatar\/1c6ef0de58e8679495a21f20b4a5dca239fb824461f4503b287adb3adb914ee6?s=96&d=mm&r=g\",\"caption\":\"laura.eggenberger\"},\"url\":\"https:\/\/careandpeer.ch\/fr\/author\/laura-eggenberger\/\"}]}<\/script>\n<!-- \/ Yoast SEO plugin. -->","yoast_head_json":{"title":"Sentiment de culpabilit\u00e9 et de honte - Care and Peer","robots":{"index":"index","follow":"follow","max-snippet":"max-snippet:-1","max-image-preview":"max-image-preview:large","max-video-preview":"max-video-preview:-1"},"canonical":"https:\/\/careandpeer.ch\/fr\/2023\/08\/16\/schuld-und-scham\/","og_locale":"fr_FR","og_type":"article","og_title":"Sentiment de culpabilit\u00e9 et de honte - Care and Peer","og_url":"https:\/\/careandpeer.ch\/fr\/2023\/08\/16\/schuld-und-scham\/","og_site_name":"Care and Peer","article_published_time":"2023-08-16T13:27:18+00:00","article_modified_time":"2025-06-30T14:38:09+00:00","author":"laura.eggenberger","twitter_card":"summary_large_image","twitter_misc":{"\u00c9crit par":"laura.eggenberger","Dur\u00e9e de lecture estim\u00e9e":"1 minute"},"schema":{"@context":"https:\/\/schema.org","@graph":[{"@type":"WebPage","@id":"https:\/\/careandpeer.ch\/fr\/2023\/08\/16\/schuld-und-scham\/","url":"https:\/\/careandpeer.ch\/fr\/2023\/08\/16\/schuld-und-scham\/","name":"Sentiment de culpabilit\u00e9 et de honte - Care and Peer","isPartOf":{"@id":"https:\/\/careandpeer.ch\/#website"},"datePublished":"2023-08-16T13:27:18+00:00","dateModified":"2025-06-30T14:38:09+00:00","author":{"@id":"https:\/\/careandpeer.ch\/#\/schema\/person\/8f241b05578d5ca5b57f4eac9e251b88"},"breadcrumb":{"@id":"https:\/\/careandpeer.ch\/fr\/2023\/08\/16\/schuld-und-scham\/#breadcrumb"},"inLanguage":"fr-FR","potentialAction":[{"@type":"ReadAction","target":["https:\/\/careandpeer.ch\/fr\/2023\/08\/16\/schuld-und-scham\/"]}]},{"@type":"BreadcrumbList","@id":"https:\/\/careandpeer.ch\/fr\/2023\/08\/16\/schuld-und-scham\/#breadcrumb","itemListElement":[{"@type":"ListItem","position":1,"name":"Startseite","item":"https:\/\/careandpeer.ch\/home\/"},{"@type":"ListItem","position":2,"name":"Sentiment de culpabilit\u00e9 et de honte"}]},{"@type":"WebSite","@id":"https:\/\/careandpeer.ch\/#website","url":"https:\/\/careandpeer.ch\/","name":"Care and Peer","description":"Eine weitere WordPress-Website","potentialAction":[{"@type":"SearchAction","target":{"@type":"EntryPoint","urlTemplate":"https:\/\/careandpeer.ch\/?s={search_term_string}"},"query-input":{"@type":"PropertyValueSpecification","valueRequired":true,"valueName":"search_term_string"}}],"inLanguage":"fr-FR"},{"@type":"Person","@id":"https:\/\/careandpeer.ch\/#\/schema\/person\/8f241b05578d5ca5b57f4eac9e251b88","name":"laura.eggenberger","image":{"@type":"ImageObject","inLanguage":"fr-FR","@id":"https:\/\/careandpeer.ch\/#\/schema\/person\/image\/","url":"https:\/\/secure.gravatar.com\/avatar\/1c6ef0de58e8679495a21f20b4a5dca239fb824461f4503b287adb3adb914ee6?s=96&d=mm&r=g","contentUrl":"https:\/\/secure.gravatar.com\/avatar\/1c6ef0de58e8679495a21f20b4a5dca239fb824461f4503b287adb3adb914ee6?s=96&d=mm&r=g","caption":"laura.eggenberger"},"url":"https:\/\/careandpeer.ch\/fr\/author\/laura-eggenberger\/"}]}},"_links":{"self":[{"href":"https:\/\/careandpeer.ch\/fr\/wp-json\/wp\/v2\/posts\/921","targetHints":{"allow":["GET"]}}],"collection":[{"href":"https:\/\/careandpeer.ch\/fr\/wp-json\/wp\/v2\/posts"}],"about":[{"href":"https:\/\/careandpeer.ch\/fr\/wp-json\/wp\/v2\/types\/post"}],"author":[{"embeddable":true,"href":"https:\/\/careandpeer.ch\/fr\/wp-json\/wp\/v2\/users\/2"}],"replies":[{"embeddable":true,"href":"https:\/\/careandpeer.ch\/fr\/wp-json\/wp\/v2\/comments?post=921"}],"version-history":[{"count":6,"href":"https:\/\/careandpeer.ch\/fr\/wp-json\/wp\/v2\/posts\/921\/revisions"}],"predecessor-version":[{"id":1689,"href":"https:\/\/careandpeer.ch\/fr\/wp-json\/wp\/v2\/posts\/921\/revisions\/1689"}],"wp:attachment":[{"href":"https:\/\/careandpeer.ch\/fr\/wp-json\/wp\/v2\/media?parent=921"}],"wp:term":[{"taxonomy":"category","embeddable":true,"href":"https:\/\/careandpeer.ch\/fr\/wp-json\/wp\/v2\/categories?post=921"},{"taxonomy":"post_tag","embeddable":true,"href":"https:\/\/careandpeer.ch\/fr\/wp-json\/wp\/v2\/tags?post=921"}],"curies":[{"name":"wp","href":"https:\/\/api.w.org\/{rel}","templated":true}]}}